{"id":201,"date":"2024-11-08T12:38:30","date_gmt":"2024-11-08T18:38:30","guid":{"rendered":"https:\/\/danasanber.com\/?p=201"},"modified":"2025-03-10T18:37:54","modified_gmt":"2025-03-11T00:37:54","slug":"feratum-fest-2024","status":"publish","type":"post","link":"https:\/\/danasanber.com\/index.php\/2024\/11\/08\/feratum-fest-2024\/","title":{"rendered":"FERATUM Fest 2024"},"content":{"rendered":"\n<figure class=\"wp-block-image size-full\"><img loading=\"lazy\" decoding=\"async\" width=\"935\" height=\"607\" src=\"https:\/\/danasanber.com\/wp-content\/uploads\/2024\/11\/image.png\" alt=\"\" class=\"wp-image-202\" srcset=\"https:\/\/danasanber.com\/wp-content\/uploads\/2024\/11\/image.png 935w, https:\/\/danasanber.com\/wp-content\/uploads\/2024\/11\/image-300x195.png 300w, https:\/\/danasanber.com\/wp-content\/uploads\/2024\/11\/image-768x499.png 768w\" sizes=\"auto, (max-width: 935px) 100vw, 935px\" \/><\/figure>\n\n\n\n<p><br>El Festival Internacional de Cine Fant\u00e1stico FERATUM celebra su 13\u00aa edici\u00f3n en el encantador Pueblo M\u00e1gico de P\u00e1tzcuaro, Michoac\u00e1n, del 7 al 10 de noviembre de 2024. Este a\u00f1o, el festival rinde homenaje a los asesinos ic\u00f3nicos del cine slasher y presenta una nutrida programaci\u00f3n que destaca estrenos mundiales, homenajes a cl\u00e1sicos de terror y talleres gratuitos de formaci\u00f3n cinematogr\u00e1fica.<\/p>\n\n\n\n<p><strong>Una programaci\u00f3n que honra al terror cl\u00e1sico y contempor\u00e1neo<\/strong><\/p>\n\n\n\n<p>Con motivo del 50 aniversario de&nbsp;<em>La Masacre de Texas<\/em>&nbsp;(1974), el festival proyectar\u00e1 esta influyente obra de Tobe Hooper, celebrada por su realismo perturbador y su capacidad para redefinir el g\u00e9nero. Adem\u00e1s,&nbsp;<em>Viernes 13<\/em>&nbsp;(1980), un cl\u00e1sico del slasher dirigido por Sean S. Cunningham, y la pel\u00edcula de culto mexicana&nbsp;<em>Trampa Infernal<\/em>&nbsp;(1999), filmada en Tlalpujahua y que cumple 25 a\u00f1os, se presentar\u00e1n en funciones especiales, incluyendo una fiesta tem\u00e1tica para los fan\u00e1ticos del g\u00e9nero.<\/p>\n\n\n\n<p><strong>Estrenos y cine fant\u00e1stico internacional<\/strong><\/p>\n\n\n\n<p>FERATUM inaugurar\u00e1 con la premiere mundial de&nbsp;<em>Estaci\u00f3n Wadley, Ecos del tiempo<\/em>de H\u00e9ctor Mart\u00ednez, una historia que fusiona fantas\u00eda, realismo m\u00e1gico y un toque de ciencia ficci\u00f3n en un escenario minero. El evento de clausura presentar\u00e1&nbsp;<em>Cuento de pescadores<\/em>&nbsp;de Edgar Nito, una pel\u00edcula que explora mitos y leyendas sobre el mal en los lagos de M\u00e9xico.<\/p>\n\n\n\n<p>Entre las premieres en M\u00e9xico destacan las cintas&nbsp;<em>V\/H\/S\/Beyond<\/em>,&nbsp;<em>Krazy House<\/em>,&nbsp;<em>Night Silence<\/em>&nbsp;y&nbsp;<em>Mi Bestia<\/em>, esta \u00faltima de la colombiana Camila Beltr\u00e1n, una terror\u00edfica historia en torno a una adolescente en Bogot\u00e1.<\/p>\n\n\n\n<p><strong>Compromiso con la formaci\u00f3n y la industria de Michoac\u00e1n<\/strong><\/p>\n\n\n\n<p>FERATUM se enorgullece de ofrecer talleres, conferencias y clases magistrales gratuitas, apostando por el desarrollo de la industria cinematogr\u00e1fica en Michoac\u00e1n. Entre los eventos m\u00e1s esperados se encuentra la master class del productor Nicol\u00e1s Celis, conocido por su trabajo en&nbsp;<em>Roma<\/em>&nbsp;y&nbsp;<em>La regi\u00f3n salvaje<\/em>, quien explorar\u00e1 los retos y oportunidades de la producci\u00f3n en el cine fant\u00e1stico. Otros talleres incluyen temas como&nbsp;<em>pitching<\/em>, efectos especiales, guion cinematogr\u00e1fico y nuevas tecnolog\u00edas aplicadas al cine.<\/p>\n\n\n\n<p><strong>La programaci\u00f3n completa y el jurado<\/strong><\/p>\n\n\n\n<p>La secci\u00f3n Alucarda del festival, dedicada a la competencia mexicana de largometraje, presentar\u00e1 t\u00edtulos como&nbsp;<em>Fragmentos de Olvido<\/em>,&nbsp;<em>J\u00edkuri. Viaje al Pa\u00eds de los Tarahumaras<\/em>&nbsp;y&nbsp;<em>Pose\u00edda<\/em>. Asimismo, se contar\u00e1 con producciones internacionales de Estados Unidos, Francia, Polonia y m\u00e1s, brindando al p\u00fablico una experiencia multicultural \u00fanica en el g\u00e9nero. El jurado de las distintas competencias incluye a expertos como Irving Torres, Marco Antonio Salgado, y Mauricio Matamoros Dur\u00e1n, quienes evaluar\u00e1n las propuestas nacionales e internacionales.<\/p>\n\n\n\n<p><strong>Actividades y cierre con la Marcha de las Bestias<\/strong><\/p>\n\n\n\n<p>Como es tradici\u00f3n, FERATUM invitar\u00e1 al p\u00fablico a unirse a la emblem\u00e1tica Marcha de las Bestias, un desfile nocturno donde los asistentes, disfrazados de criaturas de terror, recorrer\u00e1n las calles de P\u00e1tzcuaro. Este evento de clausura es una celebraci\u00f3n visual y sonora que honra al cine de terror y a su comunidad.<\/p>\n\n\n\n<p>Para m\u00e1s informaci\u00f3n sobre la programaci\u00f3n, inscripciones a talleres gratuitos y detalles de la Marcha de las Bestias, visita el sitio oficial en&nbsp;<a href=\"https:\/\/ao3mf.r.sp1-brevo.net\/mk\/cl\/f\/sh\/1t6Af4OiGsDg0cDOcjVGbcHI1uo0IA\/gTKwnCxEjkp4\">www.feratumfilmfest.com<\/a>.<\/p>\n","protected":false},"excerpt":{"rendered":"<p>El Festival Internacional de Cine Fant\u00e1stico FERATUM celebra su 13\u00aa edici\u00f3n en el encantador Pueblo M\u00e1gico de P\u00e1tzcuaro, Michoac\u00e1n, del 7 al 10 de noviembre de 2024. Este a\u00f1o, el festival rinde homenaje a los asesinos ic\u00f3nicos del cine slasher y presenta una nutrida programaci\u00f3n que destaca estrenos mundiales, homenajes a cl\u00e1sicos de terror y talleres gratuitos de formaci\u00f3n cinematogr\u00e1fica. Una programaci\u00f3n que honra al terror cl\u00e1sico y contempor\u00e1neo Con motivo del 50 aniversario de&nbsp;La Masacre de Texas&nbsp;(1974), el festival proyectar\u00e1 esta influyente obra de Tobe Hooper, celebrada por su realismo perturbador y su capacidad para redefinir el g\u00e9nero. Adem\u00e1s,&nbsp;Viernes 13&nbsp;(1980), un cl\u00e1sico del slasher dirigido por Sean S. Cunningham, y la pel\u00edcula de culto mexicana&nbsp;Trampa Infernal&nbsp;(1999), filmada en Tlalpujahua y que cumple 25 a\u00f1os, se presentar\u00e1n en funciones especiales, incluyendo una fiesta tem\u00e1tica para los fan\u00e1ticos del g\u00e9nero. Estrenos y cine fant\u00e1stico internacional FERATUM inaugurar\u00e1 con la premiere mundial de&nbsp;Estaci\u00f3n Wadley, Ecos del tiempode H\u00e9ctor Mart\u00ednez, una historia que fusiona fantas\u00eda, realismo m\u00e1gico y un toque de ciencia ficci\u00f3n en un escenario minero. El evento de clausura presentar\u00e1&nbsp;Cuento de pescadores&nbsp;de Edgar Nito, una pel\u00edcula que explora mitos y leyendas sobre el mal en los lagos de M\u00e9xico. Entre las premieres en M\u00e9xico destacan las cintas&nbsp;V\/H\/S\/Beyond,&nbsp;Krazy House,&nbsp;Night Silence&nbsp;y&nbsp;Mi Bestia, esta \u00faltima de la colombiana Camila Beltr\u00e1n, una terror\u00edfica historia en torno a una adolescente en Bogot\u00e1. Compromiso con la formaci\u00f3n y la industria de Michoac\u00e1n FERATUM se enorgullece de ofrecer talleres, conferencias y clases magistrales gratuitas, apostando por el desarrollo de la industria cinematogr\u00e1fica en Michoac\u00e1n. Entre los eventos m\u00e1s esperados se encuentra la master class del productor Nicol\u00e1s Celis, conocido por su trabajo en&nbsp;Roma&nbsp;y&nbsp;La regi\u00f3n salvaje, quien explorar\u00e1 los retos y oportunidades de la producci\u00f3n en el cine fant\u00e1stico. Otros talleres incluyen temas como&nbsp;pitching, efectos especiales, guion cinematogr\u00e1fico y nuevas tecnolog\u00edas aplicadas al cine. La programaci\u00f3n completa y el jurado La secci\u00f3n Alucarda del festival, dedicada a la competencia mexicana de largometraje, presentar\u00e1 t\u00edtulos como&nbsp;Fragmentos de Olvido,&nbsp;J\u00edkuri. Viaje al Pa\u00eds de los Tarahumaras&nbsp;y&nbsp;Pose\u00edda. Asimismo, se contar\u00e1 con producciones internacionales de Estados Unidos, Francia, Polonia y m\u00e1s, brindando al p\u00fablico una experiencia multicultural \u00fanica en el g\u00e9nero. El jurado de las distintas competencias incluye a expertos como Irving Torres, Marco Antonio Salgado, y Mauricio Matamoros Dur\u00e1n, quienes evaluar\u00e1n las propuestas nacionales e internacionales. Actividades y cierre con la Marcha de las Bestias Como es tradici\u00f3n, FERATUM invitar\u00e1 al p\u00fablico a unirse a la emblem\u00e1tica Marcha de las Bestias, un desfile nocturno donde los asistentes, disfrazados de criaturas de terror, recorrer\u00e1n las calles de P\u00e1tzcuaro. Este evento de clausura es una celebraci\u00f3n visual y sonora que honra al cine de terror y a su comunidad. Para m\u00e1s informaci\u00f3n sobre la programaci\u00f3n, inscripciones a talleres gratuitos y detalles de la Marcha de las Bestias, visita el sitio oficial en&nbsp;www.feratumfilmfest.com.<\/p>\n","protected":false},"author":2,"featured_media":202,"comment_status":"open","ping_status":"open","sticky":false,"template":"","format":"standard","meta":{"_regular_price":[],"currency_symbol":[],"footnotes":""},"categories":[65],"tags":[],"class_list":["post-201","post","type-post","status-publish","format-standard","has-post-thumbnail","hentry","category-vamos"],"post_slider_layout_featured_media_urls":{"thumbnail":["https:\/\/danasanber.com\/wp-content\/uploads\/2024\/11\/image-150x150.png",150,150,true],"post_slider_layout_landscape_large":["https:\/\/danasanber.com\/wp-content\/uploads\/2024\/11\/image.png",935,607,false],"post_slider_layout_portrait_large":["https:\/\/danasanber.com\/wp-content\/uploads\/2024\/11\/image.png",935,607,false],"post_slider_layout_square_large":["https:\/\/danasanber.com\/wp-content\/uploads\/2024\/11\/image.png",935,607,false],"post_slider_layout_landscape":["https:\/\/danasanber.com\/wp-content\/uploads\/2024\/11\/image-600x400.png",600,400,true],"post_slider_layout_portrait":["https:\/\/danasanber.com\/wp-content\/uploads\/2024\/11\/image-600x607.png",600,607,true],"post_slider_layout_square":["https:\/\/danasanber.com\/wp-content\/uploads\/2024\/11\/image-600x600.png",600,600,true],"full":["https:\/\/danasanber.com\/wp-content\/uploads\/2024\/11\/image.png",935,607,false]},"_links":{"self":[{"href":"https:\/\/danasanber.com\/index.php\/wp-json\/wp\/v2\/posts\/201","targetHints":{"allow":["GET"]}}],"collection":[{"href":"https:\/\/danasanber.com\/index.php\/wp-json\/wp\/v2\/posts"}],"about":[{"href":"https:\/\/danasanber.com\/index.php\/wp-json\/wp\/v2\/types\/post"}],"author":[{"embeddable":true,"href":"https:\/\/danasanber.com\/index.php\/wp-json\/wp\/v2\/users\/2"}],"replies":[{"embeddable":true,"href":"https:\/\/danasanber.com\/index.php\/wp-json\/wp\/v2\/comments?post=201"}],"version-history":[{"count":1,"href":"https:\/\/danasanber.com\/index.php\/wp-json\/wp\/v2\/posts\/201\/revisions"}],"predecessor-version":[{"id":203,"href":"https:\/\/danasanber.com\/index.php\/wp-json\/wp\/v2\/posts\/201\/revisions\/203"}],"wp:featuredmedia":[{"embeddable":true,"href":"https:\/\/danasanber.com\/index.php\/wp-json\/wp\/v2\/media\/202"}],"wp:attachment":[{"href":"https:\/\/danasanber.com\/index.php\/wp-json\/wp\/v2\/media?parent=201"}],"wp:term":[{"taxonomy":"category","embeddable":true,"href":"https:\/\/danasanber.com\/index.php\/wp-json\/wp\/v2\/categories?post=201"},{"taxonomy":"post_tag","embeddable":true,"href":"https:\/\/danasanber.com\/index.php\/wp-json\/wp\/v2\/tags?post=201"}],"curies":[{"name":"wp","href":"https:\/\/api.w.org\/{rel}","templated":true}]}}